{"id":8419,"date":"2026-01-08T19:39:33","date_gmt":"2026-01-08T19:39:33","guid":{"rendered":"https:\/\/www.merck.ca\/fr\/?post_type=story&#038;p=8419"},"modified":"2026-01-08T20:37:12","modified_gmt":"2026-01-08T20:37:12","slug":"comprendre-le-melanome-signes-symptomes-et-facteurs-de-risque-2","status":"publish","type":"story","link":"https:\/\/www.merck.ca\/fr\/stories\/comprendre-le-melanome-signes-symptomes-et-facteurs-de-risque-2\/","title":{"rendered":"Comprendre le m\u00e9lanome\u00a0: signes, sympt\u00f4mes et facteurs de risque"},"content":{"rendered":"\n<div class=\"wp-block-group alignwide\"><div class=\"wp-block-group__inner-container is-layout-flow wp-block-group-is-layout-flow\">\n<div class=\"wp-block-media-text alignwide has-media-on-the-right is-stacked-on-mobile full has-background\" style=\"background:linear-gradient(135deg,rgb(29,134,128) 0%,rgb(29,134,128) 100%)\"><div class=\"wp-block-media-text__content\">\n<style>\r\n.green { color: #1d8680; line-height: 1.5rem; }\r\n.greenbg { background: #1d8680; padding: 2rem 10rem 3rem 10rem; }\r\n.offwhite { background: #F7F7F7; padding: 4rem 4rem 0px; }\r\n.white { color: #fff; }\r\n.white ul li::before, .greenbg ul li::before { color: #fff !important; }\r\n.lrg-txt { line-height: 2.5rem; }\r\n.lightgrey { background: #F7F7F7; padding: 2rem 5rem 3rem 5rem; \r\n.nogap { gap: 0 !important; }\r\n.lftbrdr { border-left: 2px #ffffff solid; padding-left: 2rem; margin-right: 1rem; }\r\n<\/style>\n\n\n\n<h1 class=\"wp-block-heading white\"><strong>Comprendre le m\u00e9lanome : signes, sympt\u00f4mes et facteurs de risque<\/strong><\/h1>\n\n\n\n<div style=\"display: flex; flex-flow: row nowrap;\">\r\n<p class=\"text-descriptive\" style=\"color: white;\">Share this article<\/p>\r\n            <p style=\"margin-left: 2rem;\"><a href=\"https:\/\/www.facebook.com\/sharer\/sharer.php?u=https:\/\/www.merck.ca\/en\/?post_type=story&amp;p=5882\" target=\"_blank\" rel=\"noopener\"><svg xmlns=\"http:\/\/www.w3.org\/2000\/svg\" width=\"16\" height=\"16\" viewBox=\"0 0 16 16\">\r\n    <path fill=\"#ffffff\" d=\"M6.023 16L6 9H3V6h3V4c0-2.7 1.672-4 4.08-4 1.153 0 2.144.086 2.433.124v2.821h-1.67c-1.31 0-1.563.623-1.563 1.536V6H13l-1 3H9.28v7H6.023z\"><\/path>\r\n<\/svg>\r\n<\/a><\/p>\r\n            \r\n            <p style=\"margin-left: 2rem;\"><a href=\"https:\/\/www.linkedin.com\/sharing\/share-offsite\/?url=https%3A%2F%2Fwww.merck.ca%2Fen%2F%3Fpost_type%3Dstory%26p%3D5882\" target=\"_blank\" rel=\"noopener\"><svg xmlns=\"http:\/\/www.w3.org\/2000\/svg\" width=\"16\" height=\"16\" viewBox=\"0 0 16 16\">\r\n    <path fill=\"#ffffff\" d=\"M15.205 0H.695C.299 0 0 .3 0 .7v14.7c0 .3.298.6.696.6h14.608c.398 0 .696-.3.696-.7V.7c-.1-.4-.398-.7-.795-.7zM4.671 13.6H2.385V6H4.77v7.6h-.1zM3.578 5c-.795 0-1.392-.7-1.392-1.4 0-.8.597-1.4 1.392-1.4.795 0 1.39.6 1.39 1.4-.098.7-.695 1.4-1.39 1.4zm9.938 8.6H11.13V9.9c0-.9 0-2-1.192-2-1.193 0-1.391 1-1.391 2v3.8H6.16V6h2.286v1c.298-.6 1.093-1.2 2.187-1.2 2.385 0 2.782 1.6 2.782 3.6v4.2h.1z\"><\/path>\r\n<\/svg>\r\n<\/a><\/p>\r\n            <p style=\"margin-left: 2rem;\"><a href=\"mailto:?subject=Supporting Cancer Patients Through Scholarships For Nurses&amp;body=https:\/\/www.merck.ca\/en\/?post_type=story&amp;p=5882\" target=\"_blank\" rel=\"noopener\"><svg xmlns=\"http:\/\/www.w3.org\/2000\/svg\" width=\"16\" height=\"16\" viewBox=\"0 0 16 16\">\r\n    <path fill=\"#ffffff\" d=\"M16 5.7V14c0 .6-.4 1-1 1H1c-.6 0-1-.4-1-1V5.7l7.5 4.2c.28.14.72.14 1 0L16 5.7zM15 1c.6 0 1 .4 1 1v1.5L8 7.9 0 3.4V2c0-.6.4-1 1-1z\"><\/path>\r\n<\/svg>\r\n<\/a><\/p>            \r\n<\/div>\n<\/div><figure class=\"wp-block-media-text__media\"><img decoding=\"async\" src=\"https:\/\/www.merck.ca\/en\/wp-content\/uploads\/sites\/20\/2023\/06\/Celebration-of-life_parent-and-child-in-garden_hi_300dpi-1.jpeg?w=1024\" alt=\"\" class=\"wp-image-8737 size-full\"\/><\/figure><\/div>\n<\/div><\/div>\n\n\n\n<div style=\"height:70px\" aria-hidden=\"true\" class=\"wp-block-spacer\"><\/div>\n\n\n\n<h3 class=\"wp-block-heading green\">Qu\u2019est-ce que le m\u00e9lanome?<\/h3>\n\n\n\n<p>Le m\u00e9lanome est une forme tr\u00e8s grave de cancer de la peau parce qu\u2019il peut se propager (m\u00e9tastaser) \u00e0<br>d\u2019autres parties du corps<sup>1<\/sup>. Caract\u00e9ris\u00e9 par la croissance incontr\u00f4l\u00e9e des m\u00e9lanocytes (cellules<br>productrices de pigments, qui donnent de la couleur \u00e0 la peau, aux cheveux et aux yeux), le m\u00e9lanome<br>est responsable de la grande majorit\u00e9 des d\u00e9c\u00e8s attribuables au cancer de la peau au Canada<sup>2,3<\/sup>.<\/p>\n\n\n\n<p><br><\/p>\n\n\n\n<p>Le m\u00e9lanome peut toucher n\u2019importe qui, ind\u00e9pendamment de l\u2019\u00e2ge, du sexe ou de la race<sup>4<\/sup>. Il peut se<br>manifester n\u2019importe o\u00f9 sur la peau, y compris dans les r\u00e9gions qui ne sont pas beaucoup expos\u00e9es au soleil, mais il est plus susceptible d\u2019appara\u00eetre dans certains endroits<sup>5<\/sup>.<\/p>\n\n\n\n<div class=\"wp-block-columns full lightgrey has-background is-layout-flex wp-container-core-columns-is-layout-9d6595d7 wp-block-columns-is-layout-flex\" style=\"background:linear-gradient(135deg,rgb(255,255,255) 0%,rgb(255,255,255) 88%)\">\n<div class=\"wp-block-column is-layout-flow wp-block-column-is-layout-flow\">\n<div class=\"wp-block-media-text alignwide is-stacked-on-mobile has-background\" style=\"background:linear-gradient(135deg,rgba(247,247,247,0) 5%,rgba(247,247,247,0) 86%);grid-template-columns:40% auto\"><figure class=\"wp-block-media-text__media\"><img decoding=\"async\" src=\"https:\/\/www.merck.ca\/en\/wp-content\/uploads\/sites\/20\/2023\/06\/Artboard-21_2.png\" alt=\"\" class=\"wp-image-8775 size-full\"\/><\/figure><div class=\"wp-block-media-text__content\">\n<ul class=\"wp-block-list\">\n<li>Le dos ou les jambes inf\u00e9rieures sont les parties du corps les plus touch\u00e9es chez les femmes<sup>2<\/sup>.<\/li>\n\n\n\n<li>La t\u00eate, le cou et le dos sont les parties du corps les plus touch\u00e9es chez les hommes<sup>2<\/sup>.<\/li>\n<\/ul>\n\n\n\n<p>Le risque d\u2019\u00eatre un jour atteint d\u2019un m\u00e9lanome augmente avec l\u2019\u00e2ge, mais il peut aussi se d\u00e9velopper chez les jeunes, y compris ceux \u00e2g\u00e9s de moins de 30 ans<sup>6<\/sup>.<\/p>\n<\/div><\/div>\n\n\n\n<div class=\"wp-block-columns is-layout-flex wp-container-core-columns-is-layout-9d6595d7 wp-block-columns-is-layout-flex\">\n<div class=\"wp-block-column is-layout-flow wp-block-column-is-layout-flow\"><\/div>\n<\/div>\n\n\n\n<div class=\"wp-block-columns has-background is-layout-flex wp-container-core-columns-is-layout-9d6595d7 wp-block-columns-is-layout-flex\" style=\"background:linear-gradient(135deg,rgb(58,132,124) 2%,rgb(58,132,124) 100%)\">\n<div class=\"wp-block-column is-layout-flow wp-block-column-is-layout-flow\">\n<h4 class=\"wp-block-heading has-text-align-center white\"><strong>Le taux d\u2019incidence du m\u00e9lanome a plus que tripl\u00e9 au Canada au cours des 30 derni\u00e8res ann\u00e9es.<\/strong><\/h4>\n<\/div>\n<\/div>\n\n\n\n<div style=\"height:30px\" aria-hidden=\"true\" class=\"wp-block-spacer\"><\/div>\n\n\n\n<div class=\"wp-block-media-text alignwide has-media-on-the-right is-stacked-on-mobile\" style=\"grid-template-columns:auto 40%\"><div class=\"wp-block-media-text__content\">\n<p>On <strong>estime qu\u2019environ 11 300<\/strong> nouveaux cas de m\u00e9lanome de la peau ont \u00e9t\u00e9 diagnostiqu\u00e9s chez les Canadiens en 2024<sup>7<\/sup>. Ce chiffre repr\u00e9sente une augmentation de 17 % par rapport \u00e0 celui de 2023<sup>7<\/sup>. <br><br><strong>Environ 6 500 hommes | Environ 4 800 femmes<sup>7<\/sup><\/strong><\/p>\n\n\n\n<p><strong>Environ 1 300<\/strong> cas de d\u00e9c\u00e8s attribuables au m\u00e9lanome ont \u00e9t\u00e9 pr\u00e9vus au Canada en 2024<sup>7<\/sup>. Si le m\u00e9lanome repr\u00e9sente un faible pourcentage de tous les cancers de la peau, il est responsable de la grande majorit\u00e9 des d\u00e9c\u00e8s dus au cancer de la peau<sup>8<\/sup>.<\/p>\n<\/div><figure class=\"wp-block-media-text__media\"><img decoding=\"async\" src=\"https:\/\/www.merck.ca\/en\/wp-content\/uploads\/sites\/20\/2023\/02\/Artboard-21_2-1.png\" alt=\"\" class=\"wp-image-7122 size-full\"\/><\/figure><\/div>\n\n\n\n<div style=\"height:10px\" aria-hidden=\"true\" class=\"wp-block-spacer\"><\/div>\n<\/div>\n<\/div>\n\n\n\n<div style=\"height:50px\" aria-hidden=\"true\" class=\"wp-block-spacer\"><\/div>\n\n\n\n<div class=\"wp-block-columns full lightgrey has-background is-layout-flex wp-container-core-columns-is-layout-9d6595d7 wp-block-columns-is-layout-flex\" style=\"background:linear-gradient(26deg,rgb(247,247,247) 10%,rgb(247,247,247) 100%)\">\n<div class=\"wp-block-column is-layout-flow wp-block-column-is-layout-flow\">\n<div class=\"wp-block-columns is-layout-flex wp-container-core-columns-is-layout-9d6595d7 wp-block-columns-is-layout-flex\">\n<div class=\"wp-block-column is-layout-flow wp-block-column-is-layout-flow\">\n<h3 class=\"wp-block-heading green\">Signes et sympt\u00f4mes<\/h3>\n\n\n\n<p>Une nouvelle tache sur la peau \u2013 qui change de taille, de forme ou de couleur, ou qui a un aspect diff\u00e9rent \u2013 peut \u00eatre un signe avant-coureur du m\u00e9lanome et doit \u00eatre examin\u00e9e par un m\u00e9decin<sup>9<\/sup>. La r\u00e8gle ABCDE d\u00e9crit les caract\u00e9ristiques des grains de beaut\u00e9 susceptibles d\u2019\u00eatre des m\u00e9lanomes et constitue un guide utile pour la surveillance des changements cutan\u00e9s<sup>9<\/sup> :<\/p>\n\n\n\n<div style=\"height:30px\" aria-hidden=\"true\" class=\"wp-block-spacer\"><\/div>\n<\/div>\n<\/div>\n\n\n\n<div class=\"wp-block-columns is-layout-flex wp-container-core-columns-is-layout-9d6595d7 wp-block-columns-is-layout-flex\">\n<div class=\"wp-block-column is-layout-flow wp-block-column-is-layout-flow\">\n<div class=\"wp-block-media-text alignwide is-stacked-on-mobile is-vertically-aligned-top\" style=\"grid-template-columns:20% auto\"><figure class=\"wp-block-media-text__media\"><img decoding=\"async\" src=\"https:\/\/www.merck.ca\/en\/wp-content\/uploads\/sites\/20\/2023\/06\/Group-12.svg\" alt=\"\" class=\"wp-image-8777 size-full\"\/><\/figure><div class=\"wp-block-media-text__content\">\n<p><strong>A pour Asym\u00e9trie<\/strong><\/p>\n\n\n\n<p>La forme d\u2019une moiti\u00e9 du grain de beaut\u00e9 est diff\u00e9rente de celle de l\u2019autre moiti\u00e9<sup>9<\/sup>.<\/p>\n<\/div><\/div>\n\n\n\n<div style=\"height:10px\" aria-hidden=\"true\" class=\"wp-block-spacer\"><\/div>\n\n\n\n<div class=\"wp-block-media-text alignwide is-stacked-on-mobile is-vertically-aligned-top\" style=\"grid-template-columns:20% auto\"><figure class=\"wp-block-media-text__media\"><img decoding=\"async\" src=\"https:\/\/www.merck.ca\/en\/wp-content\/uploads\/sites\/20\/2023\/06\/Group-13.svg\" alt=\"\" class=\"wp-image-8778 size-full\"\/><\/figure><div class=\"wp-block-media-text__content\">\n<p><strong>B pour Bordure<\/strong><\/p>\n\n\n\n<p>Le contour du grain de beaut\u00e9 est irr\u00e9gulier, flou ou dentel\u00e9<sup>9<\/sup>.<\/p>\n<\/div><\/div>\n\n\n\n<div style=\"height:10px\" aria-hidden=\"true\" class=\"wp-block-spacer\"><\/div>\n\n\n\n<div style=\"height:10px\" aria-hidden=\"true\" class=\"wp-block-spacer\"><\/div>\n\n\n\n<div class=\"wp-block-media-text alignwide is-stacked-on-mobile is-vertically-aligned-top\" style=\"grid-template-columns:20% auto\"><figure class=\"wp-block-media-text__media\"><img decoding=\"async\" src=\"https:\/\/www.merck.ca\/en\/wp-content\/uploads\/sites\/20\/2023\/06\/Group-14.svg\" alt=\"\" class=\"wp-image-8779 size-full\"\/><\/figure><div class=\"wp-block-media-text__content\">\n<p><strong>C pour couleur<\/strong><\/p>\n\n\n\n<p>Le grain de beaut\u00e9 est d\u2019une couleur inhabituelle, avec des nuances de beige, de brun, de noir, parfois avec du bleu, du gris, du rouge, du rose ou du blanc<sup>9<\/sup>.<\/p>\n<\/div><\/div>\n<\/div>\n\n\n\n<div class=\"wp-block-column is-layout-flow wp-block-column-is-layout-flow\">\n<div class=\"wp-block-media-text alignwide is-stacked-on-mobile is-vertically-aligned-top\" style=\"grid-template-columns:20% auto\"><figure class=\"wp-block-media-text__media\"><img decoding=\"async\" src=\"https:\/\/www.merck.ca\/en\/wp-content\/uploads\/sites\/20\/2023\/06\/Group-16.svg\" alt=\"\" class=\"wp-image-8782 size-full\"\/><\/figure><div class=\"wp-block-media-text__content\">\n<p><strong>D pour Diam\u00e8tre<\/strong><\/p>\n\n\n\n<p>Un grain de beaut\u00e9 dont la taille est sup\u00e9rieure \u00e0 celle d\u2019une efface au bout d\u2019un crayon (6 mm) d\u2019un bord \u00e0 l\u2019autre<sup>9<\/sup>.<\/p>\n<\/div><\/div>\n\n\n\n<div style=\"height:10px\" aria-hidden=\"true\" class=\"wp-block-spacer\"><\/div>\n\n\n\n<div style=\"height:\" aria-hidden=\"true\" class=\"wp-block-spacer\"><\/div>\n\n\n\n<div class=\"wp-block-media-text alignwide is-stacked-on-mobile is-vertically-aligned-top\" style=\"grid-template-columns:20% auto\"><figure class=\"wp-block-media-text__media\"><img decoding=\"async\" src=\"https:\/\/www.merck.ca\/en\/wp-content\/uploads\/sites\/20\/2023\/06\/Group-15.svg\" alt=\"\" class=\"wp-image-8780 size-full\"\/><\/figure><div class=\"wp-block-media-text__content\">\n<p><strong>E pour \u00c9volution<\/strong><\/p>\n\n\n\n<p>Un grain de beaut\u00e9 qui a chang\u00e9 au fil du temps ou qui cause des d\u00e9mangeaisons, qui est \u00e9cailleux ou qui saigne<sup>9<\/sup>.<\/p>\n<\/div><\/div>\n\n\n\n<div style=\"height:10px\" aria-hidden=\"true\" class=\"wp-block-spacer\"><\/div>\n<\/div>\n<\/div>\n\n\n\n<p class=\"green\"><strong>Examinez r\u00e9guli\u00e8rement votre peau en appliquant la r\u00e8gle ABCDE. Cette v\u00e9rification devrait se faire tous les mois; n\u2019h\u00e9sitez pas \u00e0 demander \u00e0 votre partenaire ou \u00e0 un \u00eatre cher de vous aider \u00e0 examiner les endroits difficiles d\u2019acc\u00e8s<sup>10<\/sup>.<\/strong><\/p>\n\n\n\n<p class=\"green\"><\/p>\n<\/div>\n<\/div>\n\n\n\n<div style=\"height:50px\" aria-hidden=\"true\" class=\"wp-block-spacer\"><\/div>\n\n\n\n<h3 class=\"wp-block-heading green\">Certains facteurs de risque du m\u00e9lanome<sup>11,12<\/sup> :<\/h3>\n\n\n\n<ul class=\"wp-block-list\">\n<li>Exposition aux rayons ultraviolets (UV), tels que les rayons du soleil et les lits de bronzage<br>int\u00e9rieurs et les lampes solaires<\/li>\n\n\n\n<li>Pr\u00e9sence de nombreux grains de beaut\u00e9<\/li>\n\n\n\n<li>Grain de beaut\u00e9 atypique<\/li>\n\n\n\n<li>Peau claire et yeux, poils et cheveux de couleur p\u00e2le<\/li>\n\n\n\n<li>Ant\u00e9c\u00e9dents personnels ou familiaux de cancer de la peau<\/li>\n\n\n\n<li>Mutation du g\u00e8ne CDKN2A<\/li>\n\n\n\n<li>Syst\u00e8me immunitaire affaibli<\/li>\n<\/ul>\n\n\n\n<p>Les groupes de soutien aux patients jouent un r\u00f4le important, puisqu\u2019ils fournissent de l\u2019information sur les facteurs de risque et les sympt\u00f4mes, et proposent du soutien aux patients et aux aidants. Il existe<br>plusieurs organisations de ce type au Canada, dont <a href=\"https:\/\/www.melanomanetwork.ca\/\" target=\"_blank\" rel=\"noreferrer noopener\">M\u00e9lanome Canada<\/a>, <a href=\"http:\/\/www.saveyourskin.ca\" target=\"_blank\" rel=\"noreferrer noopener\">la Fondation Sauve ta peau<\/a> et <a href=\"https:\/\/canadianskin.ca\/en\" target=\"_blank\" rel=\"noreferrer noopener\">l\u2019Alliance canadienne des patients en dermatologie<\/a><sup>13,14,15<\/sup>.<\/p>\n\n\n\n<div style=\"height:50px\" aria-hidden=\"true\" class=\"wp-block-spacer\"><\/div>\n\n\n\n<h3 class=\"wp-block-heading green\">Moyens d\u2019aider \u00e0 r\u00e9duire le risque<\/h3>\n\n\n\n<p>Il est impossible de pr\u00e9venir compl\u00e8tement le m\u00e9lanome, mais il existe des moyens d\u2019aider \u00e0 r\u00e9duire<br>votre risque. La meilleure fa\u00e7on d\u2019y parvenir est de vous prot\u00e9ger contre les rayons UV, qui peuvent<br>endommager l\u2019ADN des cellules de la peau et causer un cancer<sup>16<\/sup>. La principale source de rayons UV est<br>le soleil. C\u2019est pourquoi il est important de pratiquer la s\u00e9curit\u00e9 au soleil chaque fois que vous \u00eates \u00e0<br>l\u2019ext\u00e9rieur, m\u00eame par temps nuageux o\u00f9 les rayons UV peuvent quand m\u00eame traverser les nuages<sup>16<\/sup>.<\/p>\n\n\n\n<div style=\"height:30px\" aria-hidden=\"true\" class=\"wp-block-spacer\"><\/div>\n\n\n\n<div class=\"wp-block-columns are-vertically-aligned-center is-layout-flex wp-container-core-columns-is-layout-9d6595d7 wp-block-columns-is-layout-flex\">\n<div class=\"wp-block-column is-vertically-aligned-center is-layout-flow wp-block-column-is-layout-flow\" style=\"flex-basis:100%\">\n<div class=\"wp-block-columns is-layout-flex wp-container-core-columns-is-layout-9d6595d7 wp-block-columns-is-layout-flex\">\n<div class=\"wp-block-column is-layout-flow wp-block-column-is-layout-flow\" style=\"flex-basis:100%\">\n<div class=\"wp-block-columns full lightgrey has-background is-layout-flex wp-container-core-columns-is-layout-9d6595d7 wp-block-columns-is-layout-flex\" style=\"background:linear-gradient(135deg,rgb(247,247,247) 6%,rgb(247,247,247) 100%)\">\n<div class=\"wp-block-column is-layout-flow wp-block-column-is-layout-flow\">\n<p>Voici quelques fa\u00e7ons de vous prot\u00e9ger<sup>16<\/sup> :<\/p>\n\n\n\n<div style=\"height:10px\" aria-hidden=\"true\" class=\"wp-block-spacer\"><\/div>\n\n\n\n<div class=\"wp-block-columns is-layout-flex wp-container-core-columns-is-layout-9d6595d7 wp-block-columns-is-layout-flex\">\n<div class=\"wp-block-column is-layout-flow wp-block-column-is-layout-flow\">\n<div class=\"wp-block-media-text alignwide is-stacked-on-mobile\" style=\"grid-template-columns:15% auto\"><figure class=\"wp-block-media-text__media\"><img decoding=\"async\" src=\"https:\/\/www.merck.ca\/en\/wp-content\/uploads\/sites\/20\/2023\/06\/Asset-4.png\" alt=\"\" class=\"wp-image-8847 size-full\"\/><\/figure><div class=\"wp-block-media-text__content\">\n<p><strong>Utilisez un \u00e9cran solaire<\/strong><\/p>\n\n\n\n<p>Pour les activit\u00e9s ext\u00e9rieures, utilisez un \u00e9cran solaire \u00e0 large spectre r\u00e9sistant \u00e0 l\u2019eau avec un FPS de 50 ou plus.<\/p>\n<\/div><\/div>\n\n\n\n<div style=\"height:10px\" aria-hidden=\"true\" class=\"wp-block-spacer\"><\/div>\n\n\n\n<div class=\"wp-block-media-text alignwide is-stacked-on-mobile\" style=\"grid-template-columns:15% auto\"><figure class=\"wp-block-media-text__media\"><img decoding=\"async\" src=\"https:\/\/www.merck.ca\/en\/wp-content\/uploads\/sites\/20\/2023\/06\/Asset-3-1.svg\" alt=\"\" class=\"wp-image-8795 size-full\"\/><\/figure><div class=\"wp-block-media-text__content\">\n<p><strong>Recherchez les coins ombrag\u00e9s<\/strong><\/p>\n\n\n\n<p>Les rayons UV du soleil atteignent leur intensit\u00e9 maximale entre 11 h et 15 h. Si vous devez \u00eatre \u00e0 l\u2019ext\u00e9rieur pendant ces heures, recherchez les coins ombrag\u00e9s \u2013 sous un arbre, un parapluie ou un auvent.<\/p>\n<\/div><\/div>\n\n\n\n<div style=\"height:10px\" aria-hidden=\"true\" class=\"wp-block-spacer\"><\/div>\n\n\n\n<div class=\"wp-block-media-text alignwide is-stacked-on-mobile\" style=\"grid-template-columns:15% auto\"><figure class=\"wp-block-media-text__media\"><img decoding=\"async\" src=\"https:\/\/www.merck.ca\/en\/wp-content\/uploads\/sites\/20\/2023\/06\/Asset-2.png?w=1024\" alt=\"\" class=\"wp-image-8784 size-full\"\/><\/figure><div class=\"wp-block-media-text__content\">\n<p><strong>Couvrez votre peau<\/strong><\/p>\n\n\n\n<p>Couvrez votre peau le plus possible avec des v\u00eatements tiss\u00e9s serr\u00e9s ou qui prot\u00e8gent contre les ultraviolets. Portez \u00e9galement un chapeau \u00e0 large bord d\u2019au moins 2 ou 3 po de largeur pour prot\u00e9ger votre visage, votre t\u00eate, vos oreilles et votre cou.<\/p>\n<\/div><\/div>\n\n\n\n<div style=\"height:10px\" aria-hidden=\"true\" class=\"wp-block-spacer\"><\/div>\n\n\n\n<div class=\"wp-block-media-text alignwide is-stacked-on-mobile\" style=\"grid-template-columns:15% auto\"><figure class=\"wp-block-media-text__media\"><img decoding=\"async\" src=\"https:\/\/www.merck.ca\/en\/wp-content\/uploads\/sites\/20\/2023\/06\/Group-19.svg\" alt=\"\" class=\"wp-image-8787 size-full\"\/><\/figure><div class=\"wp-block-media-text__content\">\n<p><strong>Portez des lunettes de soleil<\/strong><\/p>\n\n\n\n<p>Prot\u00e9gez vos yeux et la peau sensible qui les entoure. Choisissez une paire ajust\u00e9e de style enveloppant qui offre une protection contre les UVA et les UVB.<\/p>\n<\/div><\/div>\n\n\n\n<div style=\"height:20px\" aria-hidden=\"true\" class=\"wp-block-spacer\"><\/div>\n\n\n\n<div class=\"wp-block-media-text alignwide is-stacked-on-mobile\" style=\"grid-template-columns:15% auto\"><figure class=\"wp-block-media-text__media\"><img decoding=\"async\" src=\"https:\/\/www.merck.ca\/en\/wp-content\/uploads\/sites\/20\/2023\/06\/Asset-3.svg\" alt=\"\" class=\"wp-image-8794 size-full\"\/><\/figure><div class=\"wp-block-media-text__content\">\n<p><strong>Restez au naturel<\/strong><\/p>\n\n\n\n<p>\u00c9vitez les lits de bronzage et les lampes solaires.<\/p>\n<\/div><\/div>\n<\/div>\n<\/div>\n<\/div>\n<\/div>\n\n\n\n<div style=\"height:30px\" aria-hidden=\"true\" class=\"wp-block-spacer\"><\/div>\n\n\n\n<p>Pour obtenir de plus amples renseignements sur le m\u00e9lanome et sur les moyens de le pr\u00e9venir, visitez le site <a href=\"http:\/\/www.intimeavectapeau.ca\" target=\"_blank\" rel=\"noreferrer noopener\">intimeavectapeau.ca<\/a>.<\/p>\n<\/div>\n<\/div>\n<\/div>\n<\/div>\n\n\n\n<div style=\"height:15px\" aria-hidden=\"true\" class=\"wp-block-spacer\"><\/div>\n\n\n\n<hr class=\"wp-block-separator has-alpha-channel-opacity has-background is-style-wide\"\/>\n\n\n\n<div style=\"height:15px\" aria-hidden=\"true\" class=\"wp-block-spacer\"><\/div>\n\n\n\n<p><strong>R\u00e9f\u00e9rences<\/strong><\/p>\n\n\n\n<p class=\"has-small-font-size\"><sup>1<\/sup> American Cancer Society. Ultraviolet (UV) Radiation. (en anglais) Accessible \u00e0 : <a href=\"https:\/\/cancer.ca\/fr\/cancer-information\/cancer-types\/melanoma-skin\/what-is-melanoma\" target=\"_blank\" rel=\"noreferrer noopener\">https:\/\/www.cancer.org\/cancer\/risk-prevention\/sun-and-uv\/uv-radiation.html<\/a>. Consult\u00e9 le 5 juin 2023.<br><sup>2<\/sup> Cancer.net. Melanoma: Statistics. (en anglais) Accessible \u00e0 : <a href=\"https:\/\/www.cancer.net\/cancer-types\/melanoma\/statistics\" target=\"_blank\" rel=\"noreferrer noopener\">https:\/\/www.cancer.net\/cancer-types\/melanoma\/statistics<\/a>. Consult\u00e9 le 17 mai 2023.<br><sup>3<\/sup>\u00a0\u00a0Soci\u00e9t\u00e9 canadienne du cancer. R\u00e9duire le risque de m\u00e9lanome. Accessible \u00e0 : <a href=\"https:\/\/cancer.ca\/fr\/cancer-information\/reduce-your-risk\" target=\"_blank\" rel=\"noreferrer noopener\">https:\/\/cancer.ca\/fr\/cancer-information\/reduce-your-risk<\/a>. Consult\u00e9 le 17 mai 2023.<br><sup>4<\/sup> \u00a0Soci\u00e9t\u00e9 canadienne du cancer. Facteurs de risque du m\u00e9lanome. Accessible \u00e0 : <a href=\"https:\/\/cancer.ca\/fr\/cancer-information\/cancer-types\/melanoma-skin\/risks\" target=\"_blank\" rel=\"noreferrer noopener\">https:\/\/cancer.ca\/fr\/cancer-information\/cancer-types\/melanoma-skin\/risks<\/a>. Consult\u00e9 le 17 mai 2023.<br><sup>5<\/sup>\u00a0Soci\u00e9t\u00e9 canadienne du cancer. Types de m\u00e9lanome. Accessible \u00e0 : <a href=\"https:\/\/cancer.ca\/fr\/cancer-information\/cancer-types\" target=\"_blank\" rel=\"noreferrer noopener\">https:\/\/cancer.ca\/fr\/cancer-information\/cancer-types<\/a>. Consult\u00e9 le 5 juin 2023.<br><sup>6<\/sup>\u00a0Soci\u00e9t\u00e9 canadienne du cancer. Statistiques sur le m\u00e9lanome. Accessible \u00e0 : <a href=\"https:\/\/cancer.ca\/fr\/cancer-information\/cancer-types\/skin-melanoma\/statistics\" target=\"_blank\" rel=\"noreferrer noopener\">https:\/\/cancer.ca\/fr\/research\/cancer-statis<\/a><a href=\"https:\/\/cancer.ca\/fr\/research\/cancer-statistics\" target=\"_blank\" rel=\"noreferrer noopener\">tics<\/a>. Consult\u00e9 le 5 juin 2023.<br><sup>7<\/sup> Soci\u00e9t\u00e9 canadienne du cancer. Qu\u2019est-ce que le m\u00e9lanome? Accessible \u00e0 : <a href=\"https:\/\/cancer.ca\/fr\/research\/cancer-statistics\" target=\"_blank\" rel=\"noreferrer noopener\">https:\/\/cancer.ca\/fr\/cancer-information\/cancer-types\/melanoma-skin<\/a>. Consult\u00e9 le 17 mai 2023.<br><sup>8<\/sup>\u00a0Mayo Clinic. Melanoma. (en anglais) Accessible \u00e0 : <a href=\"https:\/\/www.mayoclinic.org\/diseases-conditions\/melanoma\/symptoms-causes\/syc-20374884\" target=\"_blank\" rel=\"noreferrer noopener\">https:\/\/www.mayoclinic.org\/diseases-conditions\/melanoma\/symptoms-causes\/syc-20374884<\/a>. Consult\u00e9 le 5 juin 2023.<br><sup>9<\/sup>\u00a0M\u00e9lanome Canada. How to Detect Melanoma. (en anglais) Accessible \u00e0 : <a href=\"https:\/\/www.melanomanetwork.ca\/melanomadetection\/\" target=\"_blank\" rel=\"noreferrer noopener\">https:\/\/www.melanomanetwork.ca\/melanomadetection\/<\/a>. Consult\u00e9 le <br>17 mai 2023.<br><sup>10<\/sup> M\u00e9lanome Canada. Melanoma Stats and Facts. (en anglais) Accessible \u00e0 : <a href=\"https:\/\/www.melanomanetwork.ca\/stats-and-facts\/\" target=\"_blank\" rel=\"noreferrer noopener\">https:\/\/www.melanomanetwork.ca\/stats-and-facts\/<\/a>. Consult\u00e9 le <br>17 mai 2023.<br><sup>11<\/sup> M\u00e9lanome Canada. Qu\u2019est-ce que le m\u00e9lanome? Accessible \u00e0 : <a href=\"https:\/\/www.melanomanetwork.ca\/fr\/quest-ce-que-le-melanome\/\" target=\"_blank\" rel=\"noreferrer noopener\">https:\/\/www.melanomanetwork.ca\/fr\/quest-ce-que-le-melanome\/<\/a>. Consult\u00e9 le 17 mai 2023.<br><sup>12<\/sup> Agence de la sant\u00e9 publique du Canada. Cancer de la peau. Accessible \u00e0 : <a href=\"https:\/\/www.canada.ca\/fr\/sante-publique\/services\/securite-soleil\/cancer-peau.html.\" target=\"_blank\" rel=\"noreferrer noopener\">https:\/\/www.canada.ca\/fr\/sante-publique\/services\/securite-soleil\/cancer-peau.html.<\/a> Consult\u00e9 le 17 mai 2023.<br><sup>13<\/sup> R\u00e9seau m\u00e9lanome Canada. Sun Safety. (en anglais) Accessible \u00e0 : <a href=\"https:\/\/www.melanomanetwork.ca\/sunsafetycouncil\/staysunsafe\/\" target=\"_blank\" rel=\"noreferrer noopener\">https:\/\/www.melanomanetwork.ca\/sunsafetycouncil\/staysunsafe\/<\/a>. Consult\u00e9 le 5 juin 2023.<\/p>\n\n\n\n<div class=\"wp-block-group alignwide\"><div class=\"wp-block-group__inner-container is-layout-flow wp-block-group-is-layout-flow\">\n<p class=\"has-text-align-right\" style=\"font-size:10px\">CA-NON-04204<\/p>\n<\/div><\/div>\n","protected":false},"excerpt":{"rendered":"<p>Comprendre le m\u00e9lanome : signes, sympt\u00f4mes et facteurs de risque Share this article Qu\u2019est-ce que le m\u00e9lanome? Le m\u00e9lanome est une forme tr\u00e8s grave de cancer de la peau parce qu\u2019il peut se propager (m\u00e9tastaser) \u00e0d\u2019autres parties du corps1. Caract\u00e9ris\u00e9 par la croissance incontr\u00f4l\u00e9e des m\u00e9lanocytes (cellulesproductrices de pigments, qui donnent de la couleur \u00e0 [&hellip;]<\/p>\n","protected":false},"featured_media":0,"template":"","meta":{"_acf_changed":false,"bdl_company_name":[],"bdl_item_external_link":[],"footnotes":""},"tags":[],"content_topic":[],"admin_field":[],"class_list":["post-8419","story","type-story","status-publish","hentry"],"yoast_head":"<!-- This site is optimized with the Yoast SEO plugin v21.9.1 - https:\/\/yoast.com\/wordpress\/plugins\/seo\/ -->\n<title>Comprendre le m\u00e9lanome\u00a0: signes, sympt\u00f4mes et facteurs de risque - MCC Canada French<\/title>\n<meta name=\"robots\" content=\"index, follow, max-snippet:-1, max-image-preview:large, max-video-preview:-1\" \/>\n<link rel=\"canonical\" href=\"https:\/\/www.merck.ca\/fr\/stories\/comprendre-le-melanome-signes-symptomes-et-facteurs-de-risque-2\/\" \/>\n<meta property=\"og:locale\" content=\"en_US\" \/>\n<meta property=\"og:type\" content=\"article\" \/>\n<meta property=\"og:title\" content=\"Comprendre le m\u00e9lanome\u00a0: signes, sympt\u00f4mes et facteurs de risque - MCC Canada French\" \/>\n<meta property=\"og:description\" content=\"Comprendre le m\u00e9lanome : signes, sympt\u00f4mes et facteurs de risque Share this article Qu\u2019est-ce que le m\u00e9lanome? Le m\u00e9lanome est une forme tr\u00e8s grave de cancer de la peau parce qu\u2019il peut se propager (m\u00e9tastaser) \u00e0d\u2019autres parties du corps1. Caract\u00e9ris\u00e9 par la croissance incontr\u00f4l\u00e9e des m\u00e9lanocytes (cellulesproductrices de pigments, qui donnent de la couleur \u00e0 [&hellip;]\" \/>\n<meta property=\"og:url\" content=\"https:\/\/www.merck.ca\/fr\/stories\/comprendre-le-melanome-signes-symptomes-et-facteurs-de-risque-2\/\" \/>\n<meta property=\"og:site_name\" content=\"MCC Canada French\" \/>\n<meta property=\"article:modified_time\" content=\"2026-01-08T20:37:12+00:00\" \/>\n<meta property=\"og:image\" content=\"https:\/\/www.merck.ca\/en\/wp-content\/uploads\/sites\/20\/2023\/06\/Celebration-of-life_parent-and-child-in-garden_hi_300dpi-1.jpeg?w=1024\" \/>\n<meta name=\"twitter:card\" content=\"summary_large_image\" \/>\n<meta name=\"twitter:label1\" content=\"Est. reading time\" \/>\n\t<meta name=\"twitter:data1\" content=\"8 minutes\" \/>\n<script type=\"application\/ld+json\" class=\"yoast-schema-graph\">{\"@context\":\"https:\/\/schema.org\",\"@graph\":[{\"@type\":\"WebPage\",\"@id\":\"https:\/\/www.merck.ca\/fr\/stories\/comprendre-le-melanome-signes-symptomes-et-facteurs-de-risque-2\/\",\"url\":\"https:\/\/www.merck.ca\/fr\/stories\/comprendre-le-melanome-signes-symptomes-et-facteurs-de-risque-2\/\",\"name\":\"Comprendre le m\u00e9lanome\u00a0: signes, sympt\u00f4mes et facteurs de risque - MCC Canada French\",\"isPartOf\":{\"@id\":\"https:\/\/www.merck.ca\/fr\/#website\"},\"datePublished\":\"2026-01-08T19:39:33+00:00\",\"dateModified\":\"2026-01-08T20:37:12+00:00\",\"breadcrumb\":{\"@id\":\"https:\/\/www.merck.ca\/fr\/stories\/comprendre-le-melanome-signes-symptomes-et-facteurs-de-risque-2\/#breadcrumb\"},\"inLanguage\":\"en-US\",\"potentialAction\":[{\"@type\":\"ReadAction\",\"target\":[\"https:\/\/www.merck.ca\/fr\/stories\/comprendre-le-melanome-signes-symptomes-et-facteurs-de-risque-2\/\"]}]},{\"@type\":\"BreadcrumbList\",\"@id\":\"https:\/\/www.merck.ca\/fr\/stories\/comprendre-le-melanome-signes-symptomes-et-facteurs-de-risque-2\/#breadcrumb\",\"itemListElement\":[{\"@type\":\"ListItem\",\"position\":1,\"name\":\"Stories\",\"item\":\"https:\/\/www.merck.ca\/fr\/stories-archive\/\"},{\"@type\":\"ListItem\",\"position\":2,\"name\":\"Comprendre le m\u00e9lanome\u00a0: signes, sympt\u00f4mes et facteurs de risque\"}]},{\"@type\":\"WebSite\",\"@id\":\"https:\/\/www.merck.ca\/fr\/#website\",\"url\":\"https:\/\/www.merck.ca\/fr\/\",\"name\":\"MCC Canada French\",\"description\":\"Merck.ca\",\"potentialAction\":[{\"@type\":\"SearchAction\",\"target\":{\"@type\":\"EntryPoint\",\"urlTemplate\":\"https:\/\/www.merck.ca\/fr\/?s={search_term_string}\"},\"query-input\":\"required name=search_term_string\"}],\"inLanguage\":\"en-US\"}]}<\/script>\n<!-- \/ Yoast SEO plugin. -->","yoast_head_json":{"title":"Comprendre le m\u00e9lanome\u00a0: signes, sympt\u00f4mes et facteurs de risque - MCC Canada French","robots":{"index":"index","follow":"follow","max-snippet":"max-snippet:-1","max-image-preview":"max-image-preview:large","max-video-preview":"max-video-preview:-1"},"canonical":"https:\/\/www.merck.ca\/fr\/stories\/comprendre-le-melanome-signes-symptomes-et-facteurs-de-risque-2\/","og_locale":"en_US","og_type":"article","og_title":"Comprendre le m\u00e9lanome\u00a0: signes, sympt\u00f4mes et facteurs de risque - MCC Canada French","og_description":"Comprendre le m\u00e9lanome : signes, sympt\u00f4mes et facteurs de risque Share this article Qu\u2019est-ce que le m\u00e9lanome? Le m\u00e9lanome est une forme tr\u00e8s grave de cancer de la peau parce qu\u2019il peut se propager (m\u00e9tastaser) \u00e0d\u2019autres parties du corps1. Caract\u00e9ris\u00e9 par la croissance incontr\u00f4l\u00e9e des m\u00e9lanocytes (cellulesproductrices de pigments, qui donnent de la couleur \u00e0 [&hellip;]","og_url":"https:\/\/www.merck.ca\/fr\/stories\/comprendre-le-melanome-signes-symptomes-et-facteurs-de-risque-2\/","og_site_name":"MCC Canada French","article_modified_time":"2026-01-08T20:37:12+00:00","og_image":[{"url":"https:\/\/www.merck.ca\/en\/wp-content\/uploads\/sites\/20\/2023\/06\/Celebration-of-life_parent-and-child-in-garden_hi_300dpi-1.jpeg?w=1024"}],"twitter_card":"summary_large_image","twitter_misc":{"Est. reading time":"8 minutes"},"schema":{"@context":"https:\/\/schema.org","@graph":[{"@type":"WebPage","@id":"https:\/\/www.merck.ca\/fr\/stories\/comprendre-le-melanome-signes-symptomes-et-facteurs-de-risque-2\/","url":"https:\/\/www.merck.ca\/fr\/stories\/comprendre-le-melanome-signes-symptomes-et-facteurs-de-risque-2\/","name":"Comprendre le m\u00e9lanome\u00a0: signes, sympt\u00f4mes et facteurs de risque - MCC Canada French","isPartOf":{"@id":"https:\/\/www.merck.ca\/fr\/#website"},"datePublished":"2026-01-08T19:39:33+00:00","dateModified":"2026-01-08T20:37:12+00:00","breadcrumb":{"@id":"https:\/\/www.merck.ca\/fr\/stories\/comprendre-le-melanome-signes-symptomes-et-facteurs-de-risque-2\/#breadcrumb"},"inLanguage":"en-US","potentialAction":[{"@type":"ReadAction","target":["https:\/\/www.merck.ca\/fr\/stories\/comprendre-le-melanome-signes-symptomes-et-facteurs-de-risque-2\/"]}]},{"@type":"BreadcrumbList","@id":"https:\/\/www.merck.ca\/fr\/stories\/comprendre-le-melanome-signes-symptomes-et-facteurs-de-risque-2\/#breadcrumb","itemListElement":[{"@type":"ListItem","position":1,"name":"Stories","item":"https:\/\/www.merck.ca\/fr\/stories-archive\/"},{"@type":"ListItem","position":2,"name":"Comprendre le m\u00e9lanome\u00a0: signes, sympt\u00f4mes et facteurs de risque"}]},{"@type":"WebSite","@id":"https:\/\/www.merck.ca\/fr\/#website","url":"https:\/\/www.merck.ca\/fr\/","name":"MCC Canada French","description":"Merck.ca","potentialAction":[{"@type":"SearchAction","target":{"@type":"EntryPoint","urlTemplate":"https:\/\/www.merck.ca\/fr\/?s={search_term_string}"},"query-input":"required name=search_term_string"}],"inLanguage":"en-US"}]}},"acf":[],"extended_data":{"featured_image":false,"acf_fields":{"mcc_page_job_number":"","show_image_captions":false,"mco_page_tracking_data":"","page_text_direction_selection":"ltr","show_section":false,"related_content_section_heading":"","heading_level":"","story_one_selection":"select","related_content_item_one":false,"story_two_selection":"select","related_content_item_two":false,"story_three_selection":"select","related_content_item_three":false,"scroll-to-top":false,"subheader_title":"","secondary_image":false,"video_hosting_selection":"youtube","youtube_url":"","video_accessible_name":"","primary_cta":"Read more","primary_cta_aria_label":"","secondary_cta":"","secondary_cta_aria_label":""}},"_links":{"self":[{"href":"https:\/\/www.merck.ca\/fr\/wp-json\/wp\/v2\/story\/8419","targetHints":{"allow":["GET"]}}],"collection":[{"href":"https:\/\/www.merck.ca\/fr\/wp-json\/wp\/v2\/story"}],"about":[{"href":"https:\/\/www.merck.ca\/fr\/wp-json\/wp\/v2\/types\/story"}],"version-history":[{"count":15,"href":"https:\/\/www.merck.ca\/fr\/wp-json\/wp\/v2\/story\/8419\/revisions"}],"predecessor-version":[{"id":8437,"href":"https:\/\/www.merck.ca\/fr\/wp-json\/wp\/v2\/story\/8419\/revisions\/8437"}],"wp:attachment":[{"href":"https:\/\/www.merck.ca\/fr\/wp-json\/wp\/v2\/media?parent=8419"}],"wp:term":[{"taxonomy":"post_tag","embeddable":true,"href":"https:\/\/www.merck.ca\/fr\/wp-json\/wp\/v2\/tags?post=8419"},{"taxonomy":"content_topic","embeddable":true,"href":"https:\/\/www.merck.ca\/fr\/wp-json\/wp\/v2\/content_topic?post=8419"},{"taxonomy":"Admin Field","embeddable":true,"href":"https:\/\/www.merck.ca\/fr\/wp-json\/wp\/v2\/admin_field?post=8419"}],"curies":[{"name":"wp","href":"https:\/\/api.w.org\/{rel}","templated":true}]}}